{"id":6697,"date":"2025-11-15T09:07:45","date_gmt":"2025-11-15T08:07:45","guid":{"rendered":"https:\/\/www.leneptune.com\/?p=6697"},"modified":"2025-08-21T16:08:54","modified_gmt":"2025-08-21T14:08:54","slug":"vallee-des-traouiero","status":"publish","type":"post","link":"https:\/\/www.leneptune.com\/fr\/actualites\/vallee-des-traouiero\/","title":{"rendered":"Vall\u00e9e des Traou\u00ef\u00e9ro : balade f\u00e9erique entre Tr\u00e9gastel et Perros-Guirec"},"content":{"rendered":"<p>Cach\u00e9e entre <strong>Tr\u00e9gastel <\/strong>et<strong> Perros-Guirec<\/strong>, en plein c\u0153ur de la C\u00f4te de Granit Rose, la <strong>Vall\u00e9e des Traou\u00ef\u00e9ro<\/strong> est l\u2019un de ces endroits rares o\u00f9 l\u2019imaginaire prend vie. Ici, les rochers semblent pos\u00e9s au hasard par quelque g\u00e9ant distrait, les arbres s\u2019enlacent comme dans un vieux conte, et l\u2019on s\u2019attend presque \u00e0 voir surgir une f\u00e9e ou un korrigan au d\u00e9tour d\u2019un sentier.<\/p>\n<p>Ce <strong>lieu myst\u00e9rieux<\/strong>, encore peu connu de nombreux voyageurs, est une invitation \u00e0 la d\u00e9couverte, \u00e0 la d\u00e9tente, \u00e0 la contemplation. Une <strong>balade nature<\/strong>, ombrag\u00e9e et rafra\u00eechissante, parfaite pour une escapade en famille pendant vos vacances dans notre <a href=\"https:\/\/www.leneptune.com\/fr\/\">camping des C\u00f4tes d\u2019Armor<\/a>.<\/p>\n<h2><strong>Un lieu charg\u00e9 de l\u00e9gendes et de nature<\/strong><\/h2>\n<p>La <strong>Vall\u00e9e des Traou\u00ef\u00e9ro<\/strong> se faufile entre Perros-Guirec et Tr\u00e9gastel, \u00e0 quelques kilom\u00e8tres \u00e0 peine des plages de Saint-Guirec ou du port de Ploumanac\u2019h. Elle est form\u00e9e de <strong>deux vall\u00e9es principales<\/strong>, v\u00e9ritables couloirs de verdure qui serpentent entre les <strong>rochers de granit rose<\/strong>. On y trouve une for\u00eat dense, des mousses \u00e9paisses, de petits ruisseaux qui murmurent entre les pierres et des grottes naturelles pleines de myst\u00e8res.<\/p>\n<p>Ce <strong>d\u00e9cor f\u00e9erique<\/strong> n\u2019a pas manqu\u00e9 d\u2019inspirer les l\u00e9gendes locales. On raconte que la vall\u00e9e abritait autrefois f\u00e9es, korrigans et contrebandiers, dissimul\u00e9s dans les chaos rocheux et les cavit\u00e9s profondes. Chaque pierre semble <strong>charg\u00e9e d\u2019histoire<\/strong>, chaque d\u00e9tour r\u00e9veille l\u2019imagination.<\/p>\n<p>Au-del\u00e0 du <strong>folklore<\/strong>, le site pr\u00e9sente un <strong>int\u00e9r\u00eat \u00e9cologique fort<\/strong>, avec une biodiversit\u00e9 pr\u00e9serv\u00e9e et un r\u00f4le de refuge pour de nombreuses esp\u00e8ces v\u00e9g\u00e9tales et animales. C\u2019est un coin de <strong>Bretagne sauvage<\/strong>, qui n\u2019a pas perdu son \u00e2me.<\/p>\n<h2><strong>Une promenade d\u00e9paysante au c\u0153ur du granit rose<\/strong><\/h2>\n<p>Plusieurs<strong> chemins balis\u00e9s<\/strong> traversent la vall\u00e9e, accessibles d\u00e8s le d\u00e9part de Tr\u00e9gastel ou Perros-Guirec. L\u2019itin\u00e9raire principal forme une boucle d\u2019environ 4 \u00e0 5 km, soit une balade d\u2019environ 1h30 \u00e0 2h, sans grande difficult\u00e9. Id\u00e9al pour les familles, m\u00eame avec de jeunes enfants.<\/p>\n<p>Tout au long du parcours, les <strong>points d\u2019int\u00e9r\u00eat se succ\u00e8dent<\/strong> : des grottes myst\u00e9rieuses, un ancien moulin, des arbres aux formes \u00e9tranges, et surtout, des rochers g\u00e9ants, empil\u00e9s comme par magie. Certains voyageurs y voient des visages, des animaux\u2026 \u00e0 vous de laisser parler votre imagination !<\/p>\n<h2><strong>Quand explorer la Vall\u00e9e des Traou\u00ef\u00e9ro ?<\/strong><\/h2>\n<p>Le printemps est parfait pour<strong> profiter de la fra\u00eecheur des sous-bois <\/strong>et des premiers rayons de soleil. En \u00e9t\u00e9, la canop\u00e9e naturelle offre un abri bienvenu lors des journ\u00e9es chaudes. Mais l\u2019automne, avec ses <strong>teintes cuivr\u00e9es <\/strong>et son atmosph\u00e8re enveloppante, donne \u00e0 la vall\u00e9e une dimension presque mystique.<\/p>\n<p>Pensez \u00e0 venir apr\u00e8s une pluie l\u00e9g\u00e8re : les mousses deviennent plus vives, les ruisseaux chantent davantage, et les odeurs de for\u00eat sont plus intenses. N&rsquo;oubliez pas vos <strong>chaussures de randonn\u00e9e<\/strong>, car certains chemins peuvent \u00eatre un peu glissants. Et surtout, prenez votre temps\u2026 chaque pas dans la vall\u00e9e est une immersion en pleine nature des <a href=\"https:\/\/www.leneptune.com\/fr\/tourisme-cotes-armor\/\">C\u00f4tes d\u2019Armor<\/a>, hors du temps.<\/p>\n","protected":false},"excerpt":{"rendered":"<p>Cach\u00e9e entre Tr\u00e9gastel et Perros-Guirec, en plein c\u0153ur de la C\u00f4te de Granit Rose, la Vall\u00e9e des Traou\u00ef\u00e9ro est l\u2019un de ces endroits rares o\u00f9 l\u2019imaginaire prend vie. Ici, les rochers semblent pos\u00e9s au hasard par quelque g\u00e9ant distrait, les arbres s\u2019enlacent comme dans un vieux conte, et l\u2019on s\u2019attend presque \u00e0 voir surgir une [&hellip;]<\/p>\n","protected":false},"author":8,"featured_media":6698,"comment_status":"closed","ping_status":"closed","sticky":false,"template":"","format":"standard","meta":{"_acf_changed":false,"footnotes":""},"categories":[24],"tags":[],"class_list":["post-6697","post","type-post","status-publish","format-standard","has-post-thumbnail","hentry","category-actualites"],"acf":[],"yoast_head":"<!-- This site is optimized with the Yoast SEO plugin v25.3 - https:\/\/yoast.com\/wordpress\/plugins\/seo\/ -->\n<title>Vall\u00e9e des Traou\u00ef\u00e9ro : Randonn\u00e9e pour d\u00e9couvrir la Vall\u00e9e des Traou\u00ef\u00e9ro<\/title>\n<meta name=\"description\" content=\"Explorez la Vall\u00e9e des Traou\u00ef\u00e9ro, un lieu f\u00e9erique entre Tr\u00e9gastel et Perros-Guirec. L\u00e9gendes, rochers g\u00e9ants et nature pr\u00e9serv\u00e9e vous attendent en Bretagne.\" \/>\n<meta name=\"robots\" content=\"index, follow, max-snippet:-1, max-image-preview:large, max-video-preview:-1\" \/>\n<link rel=\"canonical\" href=\"https:\/\/www.leneptune.com\/fr\/actualites\/vallee-des-traouiero\/\" \/>\n<meta property=\"og:locale\" content=\"fr_FR\" \/>\n<meta property=\"og:type\" content=\"article\" \/>\n<meta property=\"og:title\" content=\"Vall\u00e9e des Traou\u00ef\u00e9ro : Randonn\u00e9e pour d\u00e9couvrir la Vall\u00e9e des Traou\u00ef\u00e9ro\" \/>\n<meta property=\"og:description\" content=\"Explorez la Vall\u00e9e des Traou\u00ef\u00e9ro, un lieu f\u00e9erique entre Tr\u00e9gastel et Perros-Guirec. L\u00e9gendes, rochers g\u00e9ants et nature pr\u00e9serv\u00e9e vous attendent en Bretagne.\" \/>\n<meta property=\"og:url\" content=\"https:\/\/www.leneptune.com\/fr\/actualites\/vallee-des-traouiero\/\" \/>\n<meta property=\"og:site_name\" content=\"Camping Le Neptune\" \/>\n<meta property=\"article:published_time\" content=\"2025-11-15T08:07:45+00:00\" \/>\n<meta property=\"og:image\" content=\"https:\/\/www.leneptune.com\/wp-content\/uploads\/2025\/08\/Vallee-des-Traouiero-e1754060354561.jpg\" \/>\n\t<meta property=\"og:image:width\" content=\"1280\" \/>\n\t<meta property=\"og:image:height\" content=\"576\" \/>\n\t<meta property=\"og:image:type\" content=\"image\/jpeg\" \/>\n<meta name=\"author\" content=\"jerome\" \/>\n<meta name=\"twitter:card\" content=\"summary_large_image\" \/>\n<meta name=\"twitter:label1\" content=\"\u00c9crit par\" \/>\n\t<meta name=\"twitter:data1\" content=\"jerome\" \/>\n\t<meta name=\"twitter:label2\" content=\"Dur\u00e9e de lecture estim\u00e9e\" \/>\n\t<meta name=\"twitter:data2\" content=\"3 minutes\" \/>\n<script type=\"application\/ld+json\" class=\"yoast-schema-graph\">{\"@context\":\"https:\/\/schema.org\",\"@graph\":[{\"@type\":\"Article\",\"@id\":\"https:\/\/www.leneptune.com\/fr\/actualites\/vallee-des-traouiero\/#article\",\"isPartOf\":{\"@id\":\"https:\/\/www.leneptune.com\/fr\/actualites\/vallee-des-traouiero\/\"},\"author\":{\"name\":\"jerome\",\"@id\":\"https:\/\/www.leneptune.com\/fr\/#\/schema\/person\/3e417cb81c52ee5c721d138d31717cc1\"},\"headline\":\"Vall\u00e9e des Traou\u00ef\u00e9ro : balade f\u00e9erique entre Tr\u00e9gastel et Perros-Guirec\",\"datePublished\":\"2025-11-15T08:07:45+00:00\",\"mainEntityOfPage\":{\"@id\":\"https:\/\/www.leneptune.com\/fr\/actualites\/vallee-des-traouiero\/\"},\"wordCount\":563,\"publisher\":{\"@id\":\"https:\/\/www.leneptune.com\/fr\/#organization\"},\"image\":{\"@id\":\"https:\/\/www.leneptune.com\/fr\/actualites\/vallee-des-traouiero\/#primaryimage\"},\"thumbnailUrl\":\"https:\/\/www.leneptune.com\/wp-content\/uploads\/2025\/08\/Vallee-des-Traouiero-e1754060354561.jpg\",\"articleSection\":[\"ACTUALIT\u00c9S\"],\"inLanguage\":\"fr-FR\"},{\"@type\":\"WebPage\",\"@id\":\"https:\/\/www.leneptune.com\/fr\/actualites\/vallee-des-traouiero\/\",\"url\":\"https:\/\/www.leneptune.com\/fr\/actualites\/vallee-des-traouiero\/\",\"name\":\"Vall\u00e9e des Traou\u00ef\u00e9ro : Randonn\u00e9e pour d\u00e9couvrir la Vall\u00e9e des Traou\u00ef\u00e9ro\",\"isPartOf\":{\"@id\":\"https:\/\/www.leneptune.com\/fr\/#website\"},\"primaryImageOfPage\":{\"@id\":\"https:\/\/www.leneptune.com\/fr\/actualites\/vallee-des-traouiero\/#primaryimage\"},\"image\":{\"@id\":\"https:\/\/www.leneptune.com\/fr\/actualites\/vallee-des-traouiero\/#primaryimage\"},\"thumbnailUrl\":\"https:\/\/www.leneptune.com\/wp-content\/uploads\/2025\/08\/Vallee-des-Traouiero-e1754060354561.jpg\",\"datePublished\":\"2025-11-15T08:07:45+00:00\",\"description\":\"Explorez la Vall\u00e9e des Traou\u00ef\u00e9ro, un lieu f\u00e9erique entre Tr\u00e9gastel et Perros-Guirec. L\u00e9gendes, rochers g\u00e9ants et nature pr\u00e9serv\u00e9e vous attendent en Bretagne.\",\"breadcrumb\":{\"@id\":\"https:\/\/www.leneptune.com\/fr\/actualites\/vallee-des-traouiero\/#breadcrumb\"},\"inLanguage\":\"fr-FR\",\"potentialAction\":[{\"@type\":\"ReadAction\",\"target\":[\"https:\/\/www.leneptune.com\/fr\/actualites\/vallee-des-traouiero\/\"]}]},{\"@type\":\"ImageObject\",\"inLanguage\":\"fr-FR\",\"@id\":\"https:\/\/www.leneptune.com\/fr\/actualites\/vallee-des-traouiero\/#primaryimage\",\"url\":\"https:\/\/www.leneptune.com\/wp-content\/uploads\/2025\/08\/Vallee-des-Traouiero-e1754060354561.jpg\",\"contentUrl\":\"https:\/\/www.leneptune.com\/wp-content\/uploads\/2025\/08\/Vallee-des-Traouiero-e1754060354561.jpg\",\"width\":1280,\"height\":576},{\"@type\":\"BreadcrumbList\",\"@id\":\"https:\/\/www.leneptune.com\/fr\/actualites\/vallee-des-traouiero\/#breadcrumb\",\"itemListElement\":[{\"@type\":\"ListItem\",\"position\":1,\"name\":\"Camping Paimpol\",\"item\":\"https:\/\/www.leneptune.com\/fr\/\"},{\"@type\":\"ListItem\",\"position\":2,\"name\":\"Vall\u00e9e des Traou\u00ef\u00e9ro\"}]},{\"@type\":\"WebSite\",\"@id\":\"https:\/\/www.leneptune.com\/fr\/#website\",\"url\":\"https:\/\/www.leneptune.com\/fr\/\",\"name\":\"Camping Le Neptune\",\"description\":\"\",\"publisher\":{\"@id\":\"https:\/\/www.leneptune.com\/fr\/#organization\"},\"potentialAction\":[{\"@type\":\"SearchAction\",\"target\":{\"@type\":\"EntryPoint\",\"urlTemplate\":\"https:\/\/www.leneptune.com\/fr\/?s={search_term_string}\"},\"query-input\":{\"@type\":\"PropertyValueSpecification\",\"valueRequired\":true,\"valueName\":\"search_term_string\"}}],\"inLanguage\":\"fr-FR\"},{\"@type\":\"Organization\",\"@id\":\"https:\/\/www.leneptune.com\/fr\/#organization\",\"name\":\"Camping Le Neptune\",\"url\":\"https:\/\/www.leneptune.com\/fr\/\",\"logo\":{\"@type\":\"ImageObject\",\"inLanguage\":\"fr-FR\",\"@id\":\"https:\/\/www.leneptune.com\/fr\/#\/schema\/logo\/image\/\",\"url\":\"https:\/\/www.leneptune.com\/wp-content\/uploads\/2019\/12\/camping-paimpol.jpg\",\"contentUrl\":\"https:\/\/www.leneptune.com\/wp-content\/uploads\/2019\/12\/camping-paimpol.jpg\",\"width\":1500,\"height\":838,\"caption\":\"Camping Le Neptune\"},\"image\":{\"@id\":\"https:\/\/www.leneptune.com\/fr\/#\/schema\/logo\/image\/\"}},{\"@type\":\"Person\",\"@id\":\"https:\/\/www.leneptune.com\/fr\/#\/schema\/person\/3e417cb81c52ee5c721d138d31717cc1\",\"name\":\"jerome\",\"image\":{\"@type\":\"ImageObject\",\"inLanguage\":\"fr-FR\",\"@id\":\"https:\/\/www.leneptune.com\/fr\/#\/schema\/person\/image\/\",\"url\":\"https:\/\/secure.gravatar.com\/avatar\/3191d165b22f0bd779c015bdc1c6053f?s=96&d=mm&r=g\",\"contentUrl\":\"https:\/\/secure.gravatar.com\/avatar\/3191d165b22f0bd779c015bdc1c6053f?s=96&d=mm&r=g\",\"caption\":\"jerome\"}}]}<\/script>\n<!-- \/ Yoast SEO plugin. -->","yoast_head_json":{"title":"Vall\u00e9e des Traou\u00ef\u00e9ro : Randonn\u00e9e pour d\u00e9couvrir la Vall\u00e9e des Traou\u00ef\u00e9ro","description":"Explorez la Vall\u00e9e des Traou\u00ef\u00e9ro, un lieu f\u00e9erique entre Tr\u00e9gastel et Perros-Guirec. L\u00e9gendes, rochers g\u00e9ants et nature pr\u00e9serv\u00e9e vous attendent en Bretagne.","robots":{"index":"index","follow":"follow","max-snippet":"max-snippet:-1","max-image-preview":"max-image-preview:large","max-video-preview":"max-video-preview:-1"},"canonical":"https:\/\/www.leneptune.com\/fr\/actualites\/vallee-des-traouiero\/","og_locale":"fr_FR","og_type":"article","og_title":"Vall\u00e9e des Traou\u00ef\u00e9ro : Randonn\u00e9e pour d\u00e9couvrir la Vall\u00e9e des Traou\u00ef\u00e9ro","og_description":"Explorez la Vall\u00e9e des Traou\u00ef\u00e9ro, un lieu f\u00e9erique entre Tr\u00e9gastel et Perros-Guirec. L\u00e9gendes, rochers g\u00e9ants et nature pr\u00e9serv\u00e9e vous attendent en Bretagne.","og_url":"https:\/\/www.leneptune.com\/fr\/actualites\/vallee-des-traouiero\/","og_site_name":"Camping Le Neptune","article_published_time":"2025-11-15T08:07:45+00:00","og_image":[{"width":1280,"height":576,"url":"https:\/\/www.leneptune.com\/wp-content\/uploads\/2025\/08\/Vallee-des-Traouiero-e1754060354561.jpg","type":"image\/jpeg"}],"author":"jerome","twitter_card":"summary_large_image","twitter_misc":{"\u00c9crit par":"jerome","Dur\u00e9e de lecture estim\u00e9e":"3 minutes"},"schema":{"@context":"https:\/\/schema.org","@graph":[{"@type":"Article","@id":"https:\/\/www.leneptune.com\/fr\/actualites\/vallee-des-traouiero\/#article","isPartOf":{"@id":"https:\/\/www.leneptune.com\/fr\/actualites\/vallee-des-traouiero\/"},"author":{"name":"jerome","@id":"https:\/\/www.leneptune.com\/fr\/#\/schema\/person\/3e417cb81c52ee5c721d138d31717cc1"},"headline":"Vall\u00e9e des Traou\u00ef\u00e9ro : balade f\u00e9erique entre Tr\u00e9gastel et Perros-Guirec","datePublished":"2025-11-15T08:07:45+00:00","mainEntityOfPage":{"@id":"https:\/\/www.leneptune.com\/fr\/actualites\/vallee-des-traouiero\/"},"wordCount":563,"publisher":{"@id":"https:\/\/www.leneptune.com\/fr\/#organization"},"image":{"@id":"https:\/\/www.leneptune.com\/fr\/actualites\/vallee-des-traouiero\/#primaryimage"},"thumbnailUrl":"https:\/\/www.leneptune.com\/wp-content\/uploads\/2025\/08\/Vallee-des-Traouiero-e1754060354561.jpg","articleSection":["ACTUALIT\u00c9S"],"inLanguage":"fr-FR"},{"@type":"WebPage","@id":"https:\/\/www.leneptune.com\/fr\/actualites\/vallee-des-traouiero\/","url":"https:\/\/www.leneptune.com\/fr\/actualites\/vallee-des-traouiero\/","name":"Vall\u00e9e des Traou\u00ef\u00e9ro : Randonn\u00e9e pour d\u00e9couvrir la Vall\u00e9e des Traou\u00ef\u00e9ro","isPartOf":{"@id":"https:\/\/www.leneptune.com\/fr\/#website"},"primaryImageOfPage":{"@id":"https:\/\/www.leneptune.com\/fr\/actualites\/vallee-des-traouiero\/#primaryimage"},"image":{"@id":"https:\/\/www.leneptune.com\/fr\/actualites\/vallee-des-traouiero\/#primaryimage"},"thumbnailUrl":"https:\/\/www.leneptune.com\/wp-content\/uploads\/2025\/08\/Vallee-des-Traouiero-e1754060354561.jpg","datePublished":"2025-11-15T08:07:45+00:00","description":"Explorez la Vall\u00e9e des Traou\u00ef\u00e9ro, un lieu f\u00e9erique entre Tr\u00e9gastel et Perros-Guirec. L\u00e9gendes, rochers g\u00e9ants et nature pr\u00e9serv\u00e9e vous attendent en Bretagne.","breadcrumb":{"@id":"https:\/\/www.leneptune.com\/fr\/actualites\/vallee-des-traouiero\/#breadcrumb"},"inLanguage":"fr-FR","potentialAction":[{"@type":"ReadAction","target":["https:\/\/www.leneptune.com\/fr\/actualites\/vallee-des-traouiero\/"]}]},{"@type":"ImageObject","inLanguage":"fr-FR","@id":"https:\/\/www.leneptune.com\/fr\/actualites\/vallee-des-traouiero\/#primaryimage","url":"https:\/\/www.leneptune.com\/wp-content\/uploads\/2025\/08\/Vallee-des-Traouiero-e1754060354561.jpg","contentUrl":"https:\/\/www.leneptune.com\/wp-content\/uploads\/2025\/08\/Vallee-des-Traouiero-e1754060354561.jpg","width":1280,"height":576},{"@type":"BreadcrumbList","@id":"https:\/\/www.leneptune.com\/fr\/actualites\/vallee-des-traouiero\/#breadcrumb","itemListElement":[{"@type":"ListItem","position":1,"name":"Camping Paimpol","item":"https:\/\/www.leneptune.com\/fr\/"},{"@type":"ListItem","position":2,"name":"Vall\u00e9e des Traou\u00ef\u00e9ro"}]},{"@type":"WebSite","@id":"https:\/\/www.leneptune.com\/fr\/#website","url":"https:\/\/www.leneptune.com\/fr\/","name":"Camping Le Neptune","description":"","publisher":{"@id":"https:\/\/www.leneptune.com\/fr\/#organization"},"potentialAction":[{"@type":"SearchAction","target":{"@type":"EntryPoint","urlTemplate":"https:\/\/www.leneptune.com\/fr\/?s={search_term_string}"},"query-input":{"@type":"PropertyValueSpecification","valueRequired":true,"valueName":"search_term_string"}}],"inLanguage":"fr-FR"},{"@type":"Organization","@id":"https:\/\/www.leneptune.com\/fr\/#organization","name":"Camping Le Neptune","url":"https:\/\/www.leneptune.com\/fr\/","logo":{"@type":"ImageObject","inLanguage":"fr-FR","@id":"https:\/\/www.leneptune.com\/fr\/#\/schema\/logo\/image\/","url":"https:\/\/www.leneptune.com\/wp-content\/uploads\/2019\/12\/camping-paimpol.jpg","contentUrl":"https:\/\/www.leneptune.com\/wp-content\/uploads\/2019\/12\/camping-paimpol.jpg","width":1500,"height":838,"caption":"Camping Le Neptune"},"image":{"@id":"https:\/\/www.leneptune.com\/fr\/#\/schema\/logo\/image\/"}},{"@type":"Person","@id":"https:\/\/www.leneptune.com\/fr\/#\/schema\/person\/3e417cb81c52ee5c721d138d31717cc1","name":"jerome","image":{"@type":"ImageObject","inLanguage":"fr-FR","@id":"https:\/\/www.leneptune.com\/fr\/#\/schema\/person\/image\/","url":"https:\/\/secure.gravatar.com\/avatar\/3191d165b22f0bd779c015bdc1c6053f?s=96&d=mm&r=g","contentUrl":"https:\/\/secure.gravatar.com\/avatar\/3191d165b22f0bd779c015bdc1c6053f?s=96&d=mm&r=g","caption":"jerome"}}]}},"_links":{"self":[{"href":"https:\/\/www.leneptune.com\/fr\/wp-json\/wp\/v2\/posts\/6697"}],"collection":[{"href":"https:\/\/www.leneptune.com\/fr\/wp-json\/wp\/v2\/posts"}],"about":[{"href":"https:\/\/www.leneptune.com\/fr\/wp-json\/wp\/v2\/types\/post"}],"author":[{"embeddable":true,"href":"https:\/\/www.leneptune.com\/fr\/wp-json\/wp\/v2\/users\/8"}],"replies":[{"embeddable":true,"href":"https:\/\/www.leneptune.com\/fr\/wp-json\/wp\/v2\/comments?post=6697"}],"version-history":[{"count":2,"href":"https:\/\/www.leneptune.com\/fr\/wp-json\/wp\/v2\/posts\/6697\/revisions"}],"predecessor-version":[{"id":6739,"href":"https:\/\/www.leneptune.com\/fr\/wp-json\/wp\/v2\/posts\/6697\/revisions\/6739"}],"wp:featuredmedia":[{"embeddable":true,"href":"https:\/\/www.leneptune.com\/fr\/wp-json\/wp\/v2\/media\/6698"}],"wp:attachment":[{"href":"https:\/\/www.leneptune.com\/fr\/wp-json\/wp\/v2\/media?parent=6697"}],"wp:term":[{"taxonomy":"category","embeddable":true,"href":"https:\/\/www.leneptune.com\/fr\/wp-json\/wp\/v2\/categories?post=6697"},{"taxonomy":"post_tag","embeddable":true,"href":"https:\/\/www.leneptune.com\/fr\/wp-json\/wp\/v2\/tags?post=6697"}],"curies":[{"name":"wp","href":"https:\/\/api.w.org\/{rel}","templated":true}]}}