{"id":6481,"date":"2025-04-02T09:00:17","date_gmt":"2025-04-02T07:00:17","guid":{"rendered":"https:\/\/www.leneptune.com\/?p=6481"},"modified":"2025-03-21T10:49:42","modified_gmt":"2025-03-21T09:49:42","slug":"vallee-des-saints","status":"publish","type":"post","link":"https:\/\/www.leneptune.com\/fr\/actualites\/vallee-des-saints\/","title":{"rendered":"La Vall\u00e9e des Saints \u00e0 Callac : un voyage au coeur de la Bretagne"},"content":{"rendered":"<p>La Vall\u00e9e des Saints, situ\u00e9e \u00e0 Callac dans les <a href=\"\/fr\/tourisme-cotes-armor\/\">C\u00f4tes d&rsquo;Armor<\/a>, est un lieu unique qui plonge les visiteurs <strong>au c\u0153ur de l&rsquo;\u00e2me bretonne<\/strong>. Ce site, v\u00e9ritable tr\u00e9sor de la Bretagne, est un projet ambitieux visant \u00e0 <strong>rendre hommage aux saints et aux bretons <\/strong>qui ont marqu\u00e9 l&rsquo;histoire de la r\u00e9gion. Vous y d\u00e9couvrirez des statues impressionnantes, en granit, repr\u00e9sentant des <strong>figures l\u00e9gendaires<\/strong> comme Saint Gildas, Sainte Anne et bien d&rsquo;autres, chaque statue ayant une histoire et une l\u00e9gende \u00e0 raconter.<\/p>\n<p><iframe style=\"border: 0; margin: 0; width: 100%;\" src=\"https:\/\/www.google.com\/maps\/embed?pb=!1m28!1m12!1m3!1d169066.487652989!2d-3.4223258960825533!3d48.5396730709086!2m3!1f0!2f0!3f0!3m2!1i1024!2i768!4f13.1!4m13!3e0!4m5!1s0x481202dc5890c86d%3A0x214786ec291cc095!2sCamping%20Sites%20%26%20Paysages%20Le%20Neptune%20%7C%20Camping%20Paimpol%20dans%20les%20C%C3%B4tes%20d'Armor%2C%20Ker%20Guistin%2C%20Lanloup!3m2!1d48.713687!2d-2.9669303!4m5!1s0x481174e3f10d6163%3A0x2308943318c93a39!2sLa%20Vall%C3%A9e%20des%20Saints%2C%20Quenequillec%2C%2022160%20Carno%C3%ABt!3m2!1d48.3710399!2d-3.5416092!5e0!3m2!1sfr!2sfr!4v1742550554701!5m2!1sfr!2sfr\" width=\"600\" height=\"450\" allowfullscreen=\"allowfullscreen\"><span data-mce-type=\"bookmark\" style=\"display: inline-block; width: 0px; overflow: hidden; line-height: 0;\" class=\"mce_SELRES_start\">\ufeff<\/span><\/iframe><\/p>\n<h2>L\u2019histoire et la symbolique des statues de la Vall\u00e9e des Saints<\/h2>\n<p>Le<strong> projet de la Vall\u00e9e des Saints <\/strong>a vu le jour en <strong>2008 <\/strong>sous l\u2019impulsion de Philippe Abjean, un passionn\u00e9 de la culture bretonne. Son objectif \u00e9tait de redonner vie \u00e0 la <strong>m\u00e9moire collective de la Bretagne<\/strong> en \u00e9rigeant des statues de saints bretons dans un lieu d\u00e9di\u00e9 \u00e0 leur h\u00e9ritage spirituel et culturel. L&rsquo;id\u00e9e est de cr\u00e9er un<strong> v\u00e9ritable sanctuaire<\/strong> qui permette de rendre hommage aux saints fondateurs de la Bretagne, des figures historiques qui ont non seulement christianis\u00e9 la r\u00e9gion mais ont aussi profond\u00e9ment influenc\u00e9 son <strong>d\u00e9veloppement culturel et social<\/strong>.<\/p>\n<p>Le projet a re\u00e7u un large soutien de la communaut\u00e9 locale et a \u00e9t\u00e9 salu\u00e9 pour son <strong>respect des traditions bretonnes<\/strong>.<\/p>\n<p>Chaque <strong>statue repr\u00e9sente un saint breton majeur<\/strong>, comme Saint Malo, Saint Yves, Saint Corentin ou Saint Brieuc. Ces figures ont jou\u00e9 un r\u00f4le essentiel dans l&rsquo;\u00e9vang\u00e9lisation de la r\u00e9gion et ont contribu\u00e9 \u00e0 l\u2019enracinement du christianisme en Bretagne. Certaines de ces statues, impressionnantes par leur taille, d\u00e9passent les <strong>trois m\u00e8tres de hauteur <\/strong>et sont r\u00e9alis\u00e9es dans des blocs de granit provenant de la r\u00e9gion.<\/p>\n<p>Ces statues sont charg\u00e9es de <strong>symbolisme<\/strong>. Elles sont souvent associ\u00e9es \u00e0 des<strong> l\u00e9gendes locales <\/strong>qui racontent comment chaque saint a accompli des miracles ou des exploits marquants. Par exemple, Saint Gildas, souvent repr\u00e9sent\u00e9 avec une croix, est li\u00e9 \u00e0 des <strong>l\u00e9gendes sur la purification spirituelle<\/strong> et la lutte contre les envahisseurs. D\u2019autres statues repr\u00e9sentent des saints gu\u00e9risseurs, des protecteurs de la mer ou des d\u00e9fenseurs des valeurs chr\u00e9tiennes dans le pays breton.<\/p>\n<h2>Les artistes et la fabrication des statues<\/h2>\n<p>Beaucoup de ces sculpteurs sont des <strong>artisans exp\u00e9riment\u00e9s<\/strong>, sp\u00e9cialis\u00e9s dans le <strong>travail du granit et des mat\u00e9riaux naturels<\/strong>. Ils viennent principalement de Bretagne, mais aussi de pays comme la Pologne, l&rsquo;Italie, ou encore la Slov\u00e9nie, o\u00f9 la sculpture sur pierre est une tradition s\u00e9culaire. Ce m\u00e9lange de cultures et de savoir-faire internationaux enrichit le projet, apportant des styles et des techniques vari\u00e9es aux statues monumentales qui ornent la vall\u00e9e.<\/p>\n<p>Chaque artiste est choisi pour son expertise dans le travail du granit, et sa capacit\u00e9 \u00e0 r\u00e9aliser des sculptures imposantes tout en respectant les caract\u00e9ristiques historiques et spirituelles des saints qu&rsquo;ils repr\u00e9sentent. Leurs \u0153uvres sont cr\u00e9\u00e9es dans un<strong> souci de pr\u00e9cision et d&rsquo;expression artistique<\/strong>, en s&rsquo;inspirant des traditions bretonnes, des l\u00e9gendes locales et de l&rsquo;histoire des saints bretons.<\/p>\n<p>Les<strong> statues de la Vall\u00e9e des Saints <\/strong>sont r\u00e9alis\u00e9es \u00e0 partir de granit extrait principalement des <strong>carri\u00e8res locales<\/strong>, situ\u00e9es dans les C\u00f4tes d&rsquo;Armor et ses environs. Ce <strong>granit breton <\/strong>est r\u00e9put\u00e9 pour sa solidit\u00e9 et sa beaut\u00e9. De couleur souvent <strong>grise ou rose<\/strong>, il poss\u00e8de une texture qui permet une sculpture fine tout en assurant une durabilit\u00e9 exceptionnelle face aux intemp\u00e9ries, ce qui est essentiel pour des \u0153uvres expos\u00e9es en ext\u00e9rieur.<\/p>\n<p>Le choix de cette <strong>pierre locale<\/strong>, en plus de sa qualit\u00e9, a une <strong>forte symbolique<\/strong>. En utilisant le granit breton, les sculpteurs ancrent chaque statue dans le paysage et l\u2019histoire de la Bretagne, rendant hommage \u00e0 la terre bretonne et \u00e0 sa culture profonde. Chaque<strong> bloc de granit <\/strong>est travaill\u00e9 minutieusement, taill\u00e9, sculpt\u00e9 et poli pour donner forme aux figures majestueuses des saints.<\/p>\n<h2>Visiter la Vall\u00e9e des Saints : ce qu\u2019il faut savoir<\/h2>\n<p>La Vall\u00e9e des Saints est ouverte toute l&rsquo;ann\u00e9e, <strong>l&rsquo;acc\u00e8s au site est gratuit<\/strong>. Seul le <strong>parking est payant<\/strong>: 9 euros\/v\u00e9hicule\u00a0 et 3 euros \/ moto (Paiement en carte bancaire uniquement \u00e0 la borne de sortie)<\/p>\n<p>Pour info: Ce site unique est g\u00e9r\u00e9 par <strong>l&rsquo;association \u201cla Vall\u00e9e des Saints\u201d<\/strong>. Chaque ann\u00e9e, pr\u00e8s de 300 000 personnes le visitent. Les co\u00fbts d&rsquo;entretien, d&rsquo;accueil du public, de mise en s\u00e9curit\u00e9 du site&#8230; sont chaque ann\u00e9e plus importants. Ainsi, depuis 2019, une contribution par v\u00e9hicule a \u00e9t\u00e9 instaur\u00e9e afin de faire face \u00e0 ces nouvelles charges.<\/p>\n<p>Sur place vous trouverez la <strong>Boutique Souvenir<\/strong>, ouverte toute l\u2019ann\u00e9e (horaires variables en fonction de la p\u00e9riode).<\/p>\n<p>Vous y trouverez \u00e9galement un<strong> snacking \u201cTi Friko\u201d<\/strong>, ouvert de mi-avril \u00e0 octobre.<\/p>\n<p>A votre disposition:<\/p>\n<ul>\n<li>Des espaces pique-nique<\/li>\n<li>Des toilettes avec une accessibilit\u00e9 pour personnes handicap\u00e9es sont ouvertes toute l\u2019ann\u00e9e (horaires variables).<\/li>\n<\/ul>\n<p>Infos diverses:<\/p>\n<ul>\n<li>Pour les personnes en fauteuil roulant, un chemin ( non goudronn\u00e9) fait le tour du site et permet l\u00e0 aussi de d\u00e9couvrir une bonne partie des statues qui composent la Vall\u00e9e des Saints.<\/li>\n<li>Chiens accept\u00e9s et tenus en laisse.<\/li>\n<\/ul>\n<p>Un site \u00e0 visiter si vous \u00eates de passage dans notre <a href=\"\/fr\/\">camping 4 \u00e9toiles des C\u00f4tes d\u2019Armor<\/a> !<\/p>\n","protected":false},"excerpt":{"rendered":"<p>La Vall\u00e9e des Saints, situ\u00e9e \u00e0 Callac dans les C\u00f4tes d&rsquo;Armor, est un lieu unique qui plonge les visiteurs au c\u0153ur de l&rsquo;\u00e2me bretonne. Ce site, v\u00e9ritable tr\u00e9sor de la Bretagne, est un projet ambitieux visant \u00e0 rendre hommage aux saints et aux bretons qui ont marqu\u00e9 l&rsquo;histoire de la r\u00e9gion. Vous y d\u00e9couvrirez des [&hellip;]<\/p>\n","protected":false},"author":8,"featured_media":6485,"comment_status":"closed","ping_status":"closed","sticky":false,"template":"","format":"standard","meta":{"_acf_changed":false,"footnotes":""},"categories":[24],"tags":[],"class_list":["post-6481","post","type-post","status-publish","format-standard","has-post-thumbnail","hentry","category-actualites"],"acf":[],"yoast_head":"<!-- This site is optimized with the Yoast SEO plugin v25.3 - https:\/\/yoast.com\/wordpress\/plugins\/seo\/ -->\n<title>Vall\u00e9e des Saints : Histoire des statues de la vall\u00e9e des Saints \u00e0 Callac<\/title>\n<meta name=\"description\" content=\"D\u00e9couvrez la Vall\u00e9e des Saints en Bretagne : un site unique o\u00f9 d&#039;imposantes statues de granit c\u00e9l\u00e8brent l\u2019histoire et les l\u00e9gendes des saints bretons.\" \/>\n<meta name=\"robots\" content=\"index, follow, max-snippet:-1, max-image-preview:large, max-video-preview:-1\" \/>\n<link rel=\"canonical\" href=\"https:\/\/www.leneptune.com\/fr\/actualites\/vallee-des-saints\/\" \/>\n<meta property=\"og:locale\" content=\"fr_FR\" \/>\n<meta property=\"og:type\" content=\"article\" \/>\n<meta property=\"og:title\" content=\"Vall\u00e9e des Saints : Histoire des statues de la vall\u00e9e des Saints \u00e0 Callac\" \/>\n<meta property=\"og:description\" content=\"D\u00e9couvrez la Vall\u00e9e des Saints en Bretagne : un site unique o\u00f9 d&#039;imposantes statues de granit c\u00e9l\u00e8brent l\u2019histoire et les l\u00e9gendes des saints bretons.\" \/>\n<meta property=\"og:url\" content=\"https:\/\/www.leneptune.com\/fr\/actualites\/vallee-des-saints\/\" \/>\n<meta property=\"og:site_name\" content=\"Camping Le Neptune\" \/>\n<meta property=\"article:published_time\" content=\"2025-04-02T07:00:17+00:00\" \/>\n<meta property=\"og:image\" content=\"http:\/\/www.leneptune.com\/wp-content\/uploads\/2025\/03\/vallee-des-saints.jpg\" \/>\n\t<meta property=\"og:image:width\" content=\"1905\" \/>\n\t<meta property=\"og:image:height\" content=\"450\" \/>\n\t<meta property=\"og:image:type\" content=\"image\/jpeg\" \/>\n<meta name=\"author\" content=\"jerome\" \/>\n<meta name=\"twitter:card\" content=\"summary_large_image\" \/>\n<meta name=\"twitter:label1\" content=\"\u00c9crit par\" \/>\n\t<meta name=\"twitter:data1\" content=\"jerome\" \/>\n\t<meta name=\"twitter:label2\" content=\"Dur\u00e9e de lecture estim\u00e9e\" \/>\n\t<meta name=\"twitter:data2\" content=\"5 minutes\" \/>\n<script type=\"application\/ld+json\" class=\"yoast-schema-graph\">{\"@context\":\"https:\/\/schema.org\",\"@graph\":[{\"@type\":\"Article\",\"@id\":\"https:\/\/www.leneptune.com\/fr\/actualites\/vallee-des-saints\/#article\",\"isPartOf\":{\"@id\":\"https:\/\/www.leneptune.com\/fr\/actualites\/vallee-des-saints\/\"},\"author\":{\"name\":\"jerome\",\"@id\":\"https:\/\/www.leneptune.com\/fr\/#\/schema\/person\/3e417cb81c52ee5c721d138d31717cc1\"},\"headline\":\"La Vall\u00e9e des Saints \u00e0 Callac : un voyage au coeur de la Bretagne\",\"datePublished\":\"2025-04-02T07:00:17+00:00\",\"mainEntityOfPage\":{\"@id\":\"https:\/\/www.leneptune.com\/fr\/actualites\/vallee-des-saints\/\"},\"wordCount\":908,\"publisher\":{\"@id\":\"https:\/\/www.leneptune.com\/fr\/#organization\"},\"image\":{\"@id\":\"https:\/\/www.leneptune.com\/fr\/actualites\/vallee-des-saints\/#primaryimage\"},\"thumbnailUrl\":\"https:\/\/www.leneptune.com\/wp-content\/uploads\/2025\/03\/vallee-des-saints.jpg\",\"articleSection\":[\"ACTUALIT\u00c9S\"],\"inLanguage\":\"fr-FR\"},{\"@type\":\"WebPage\",\"@id\":\"https:\/\/www.leneptune.com\/fr\/actualites\/vallee-des-saints\/\",\"url\":\"https:\/\/www.leneptune.com\/fr\/actualites\/vallee-des-saints\/\",\"name\":\"Vall\u00e9e des Saints : Histoire des statues de la vall\u00e9e des Saints \u00e0 Callac\",\"isPartOf\":{\"@id\":\"https:\/\/www.leneptune.com\/fr\/#website\"},\"primaryImageOfPage\":{\"@id\":\"https:\/\/www.leneptune.com\/fr\/actualites\/vallee-des-saints\/#primaryimage\"},\"image\":{\"@id\":\"https:\/\/www.leneptune.com\/fr\/actualites\/vallee-des-saints\/#primaryimage\"},\"thumbnailUrl\":\"https:\/\/www.leneptune.com\/wp-content\/uploads\/2025\/03\/vallee-des-saints.jpg\",\"datePublished\":\"2025-04-02T07:00:17+00:00\",\"description\":\"D\u00e9couvrez la Vall\u00e9e des Saints en Bretagne : un site unique o\u00f9 d'imposantes statues de granit c\u00e9l\u00e8brent l\u2019histoire et les l\u00e9gendes des saints bretons.\",\"breadcrumb\":{\"@id\":\"https:\/\/www.leneptune.com\/fr\/actualites\/vallee-des-saints\/#breadcrumb\"},\"inLanguage\":\"fr-FR\",\"potentialAction\":[{\"@type\":\"ReadAction\",\"target\":[\"https:\/\/www.leneptune.com\/fr\/actualites\/vallee-des-saints\/\"]}]},{\"@type\":\"ImageObject\",\"inLanguage\":\"fr-FR\",\"@id\":\"https:\/\/www.leneptune.com\/fr\/actualites\/vallee-des-saints\/#primaryimage\",\"url\":\"https:\/\/www.leneptune.com\/wp-content\/uploads\/2025\/03\/vallee-des-saints.jpg\",\"contentUrl\":\"https:\/\/www.leneptune.com\/wp-content\/uploads\/2025\/03\/vallee-des-saints.jpg\",\"width\":1905,\"height\":450,\"caption\":\"la vall\u00e9e des saints\"},{\"@type\":\"BreadcrumbList\",\"@id\":\"https:\/\/www.leneptune.com\/fr\/actualites\/vallee-des-saints\/#breadcrumb\",\"itemListElement\":[{\"@type\":\"ListItem\",\"position\":1,\"name\":\"Camping Paimpol\",\"item\":\"https:\/\/www.leneptune.com\/fr\/\"},{\"@type\":\"ListItem\",\"position\":2,\"name\":\"Vall\u00e9e des Saints\"}]},{\"@type\":\"WebSite\",\"@id\":\"https:\/\/www.leneptune.com\/fr\/#website\",\"url\":\"https:\/\/www.leneptune.com\/fr\/\",\"name\":\"Camping Le Neptune\",\"description\":\"\",\"publisher\":{\"@id\":\"https:\/\/www.leneptune.com\/fr\/#organization\"},\"potentialAction\":[{\"@type\":\"SearchAction\",\"target\":{\"@type\":\"EntryPoint\",\"urlTemplate\":\"https:\/\/www.leneptune.com\/fr\/?s={search_term_string}\"},\"query-input\":{\"@type\":\"PropertyValueSpecification\",\"valueRequired\":true,\"valueName\":\"search_term_string\"}}],\"inLanguage\":\"fr-FR\"},{\"@type\":\"Organization\",\"@id\":\"https:\/\/www.leneptune.com\/fr\/#organization\",\"name\":\"Camping Le Neptune\",\"url\":\"https:\/\/www.leneptune.com\/fr\/\",\"logo\":{\"@type\":\"ImageObject\",\"inLanguage\":\"fr-FR\",\"@id\":\"https:\/\/www.leneptune.com\/fr\/#\/schema\/logo\/image\/\",\"url\":\"https:\/\/www.leneptune.com\/wp-content\/uploads\/2019\/12\/camping-paimpol.jpg\",\"contentUrl\":\"https:\/\/www.leneptune.com\/wp-content\/uploads\/2019\/12\/camping-paimpol.jpg\",\"width\":1500,\"height\":838,\"caption\":\"Camping Le Neptune\"},\"image\":{\"@id\":\"https:\/\/www.leneptune.com\/fr\/#\/schema\/logo\/image\/\"}},{\"@type\":\"Person\",\"@id\":\"https:\/\/www.leneptune.com\/fr\/#\/schema\/person\/3e417cb81c52ee5c721d138d31717cc1\",\"name\":\"jerome\",\"image\":{\"@type\":\"ImageObject\",\"inLanguage\":\"fr-FR\",\"@id\":\"https:\/\/www.leneptune.com\/fr\/#\/schema\/person\/image\/\",\"url\":\"https:\/\/secure.gravatar.com\/avatar\/3191d165b22f0bd779c015bdc1c6053f?s=96&d=mm&r=g\",\"contentUrl\":\"https:\/\/secure.gravatar.com\/avatar\/3191d165b22f0bd779c015bdc1c6053f?s=96&d=mm&r=g\",\"caption\":\"jerome\"}}]}<\/script>\n<!-- \/ Yoast SEO plugin. -->","yoast_head_json":{"title":"Vall\u00e9e des Saints : Histoire des statues de la vall\u00e9e des Saints \u00e0 Callac","description":"D\u00e9couvrez la Vall\u00e9e des Saints en Bretagne : un site unique o\u00f9 d'imposantes statues de granit c\u00e9l\u00e8brent l\u2019histoire et les l\u00e9gendes des saints bretons.","robots":{"index":"index","follow":"follow","max-snippet":"max-snippet:-1","max-image-preview":"max-image-preview:large","max-video-preview":"max-video-preview:-1"},"canonical":"https:\/\/www.leneptune.com\/fr\/actualites\/vallee-des-saints\/","og_locale":"fr_FR","og_type":"article","og_title":"Vall\u00e9e des Saints : Histoire des statues de la vall\u00e9e des Saints \u00e0 Callac","og_description":"D\u00e9couvrez la Vall\u00e9e des Saints en Bretagne : un site unique o\u00f9 d'imposantes statues de granit c\u00e9l\u00e8brent l\u2019histoire et les l\u00e9gendes des saints bretons.","og_url":"https:\/\/www.leneptune.com\/fr\/actualites\/vallee-des-saints\/","og_site_name":"Camping Le Neptune","article_published_time":"2025-04-02T07:00:17+00:00","og_image":[{"width":1905,"height":450,"url":"http:\/\/www.leneptune.com\/wp-content\/uploads\/2025\/03\/vallee-des-saints.jpg","type":"image\/jpeg"}],"author":"jerome","twitter_card":"summary_large_image","twitter_misc":{"\u00c9crit par":"jerome","Dur\u00e9e de lecture estim\u00e9e":"5 minutes"},"schema":{"@context":"https:\/\/schema.org","@graph":[{"@type":"Article","@id":"https:\/\/www.leneptune.com\/fr\/actualites\/vallee-des-saints\/#article","isPartOf":{"@id":"https:\/\/www.leneptune.com\/fr\/actualites\/vallee-des-saints\/"},"author":{"name":"jerome","@id":"https:\/\/www.leneptune.com\/fr\/#\/schema\/person\/3e417cb81c52ee5c721d138d31717cc1"},"headline":"La Vall\u00e9e des Saints \u00e0 Callac : un voyage au coeur de la Bretagne","datePublished":"2025-04-02T07:00:17+00:00","mainEntityOfPage":{"@id":"https:\/\/www.leneptune.com\/fr\/actualites\/vallee-des-saints\/"},"wordCount":908,"publisher":{"@id":"https:\/\/www.leneptune.com\/fr\/#organization"},"image":{"@id":"https:\/\/www.leneptune.com\/fr\/actualites\/vallee-des-saints\/#primaryimage"},"thumbnailUrl":"https:\/\/www.leneptune.com\/wp-content\/uploads\/2025\/03\/vallee-des-saints.jpg","articleSection":["ACTUALIT\u00c9S"],"inLanguage":"fr-FR"},{"@type":"WebPage","@id":"https:\/\/www.leneptune.com\/fr\/actualites\/vallee-des-saints\/","url":"https:\/\/www.leneptune.com\/fr\/actualites\/vallee-des-saints\/","name":"Vall\u00e9e des Saints : Histoire des statues de la vall\u00e9e des Saints \u00e0 Callac","isPartOf":{"@id":"https:\/\/www.leneptune.com\/fr\/#website"},"primaryImageOfPage":{"@id":"https:\/\/www.leneptune.com\/fr\/actualites\/vallee-des-saints\/#primaryimage"},"image":{"@id":"https:\/\/www.leneptune.com\/fr\/actualites\/vallee-des-saints\/#primaryimage"},"thumbnailUrl":"https:\/\/www.leneptune.com\/wp-content\/uploads\/2025\/03\/vallee-des-saints.jpg","datePublished":"2025-04-02T07:00:17+00:00","description":"D\u00e9couvrez la Vall\u00e9e des Saints en Bretagne : un site unique o\u00f9 d'imposantes statues de granit c\u00e9l\u00e8brent l\u2019histoire et les l\u00e9gendes des saints bretons.","breadcrumb":{"@id":"https:\/\/www.leneptune.com\/fr\/actualites\/vallee-des-saints\/#breadcrumb"},"inLanguage":"fr-FR","potentialAction":[{"@type":"ReadAction","target":["https:\/\/www.leneptune.com\/fr\/actualites\/vallee-des-saints\/"]}]},{"@type":"ImageObject","inLanguage":"fr-FR","@id":"https:\/\/www.leneptune.com\/fr\/actualites\/vallee-des-saints\/#primaryimage","url":"https:\/\/www.leneptune.com\/wp-content\/uploads\/2025\/03\/vallee-des-saints.jpg","contentUrl":"https:\/\/www.leneptune.com\/wp-content\/uploads\/2025\/03\/vallee-des-saints.jpg","width":1905,"height":450,"caption":"la vall\u00e9e des saints"},{"@type":"BreadcrumbList","@id":"https:\/\/www.leneptune.com\/fr\/actualites\/vallee-des-saints\/#breadcrumb","itemListElement":[{"@type":"ListItem","position":1,"name":"Camping Paimpol","item":"https:\/\/www.leneptune.com\/fr\/"},{"@type":"ListItem","position":2,"name":"Vall\u00e9e des Saints"}]},{"@type":"WebSite","@id":"https:\/\/www.leneptune.com\/fr\/#website","url":"https:\/\/www.leneptune.com\/fr\/","name":"Camping Le Neptune","description":"","publisher":{"@id":"https:\/\/www.leneptune.com\/fr\/#organization"},"potentialAction":[{"@type":"SearchAction","target":{"@type":"EntryPoint","urlTemplate":"https:\/\/www.leneptune.com\/fr\/?s={search_term_string}"},"query-input":{"@type":"PropertyValueSpecification","valueRequired":true,"valueName":"search_term_string"}}],"inLanguage":"fr-FR"},{"@type":"Organization","@id":"https:\/\/www.leneptune.com\/fr\/#organization","name":"Camping Le Neptune","url":"https:\/\/www.leneptune.com\/fr\/","logo":{"@type":"ImageObject","inLanguage":"fr-FR","@id":"https:\/\/www.leneptune.com\/fr\/#\/schema\/logo\/image\/","url":"https:\/\/www.leneptune.com\/wp-content\/uploads\/2019\/12\/camping-paimpol.jpg","contentUrl":"https:\/\/www.leneptune.com\/wp-content\/uploads\/2019\/12\/camping-paimpol.jpg","width":1500,"height":838,"caption":"Camping Le Neptune"},"image":{"@id":"https:\/\/www.leneptune.com\/fr\/#\/schema\/logo\/image\/"}},{"@type":"Person","@id":"https:\/\/www.leneptune.com\/fr\/#\/schema\/person\/3e417cb81c52ee5c721d138d31717cc1","name":"jerome","image":{"@type":"ImageObject","inLanguage":"fr-FR","@id":"https:\/\/www.leneptune.com\/fr\/#\/schema\/person\/image\/","url":"https:\/\/secure.gravatar.com\/avatar\/3191d165b22f0bd779c015bdc1c6053f?s=96&d=mm&r=g","contentUrl":"https:\/\/secure.gravatar.com\/avatar\/3191d165b22f0bd779c015bdc1c6053f?s=96&d=mm&r=g","caption":"jerome"}}]}},"_links":{"self":[{"href":"https:\/\/www.leneptune.com\/fr\/wp-json\/wp\/v2\/posts\/6481"}],"collection":[{"href":"https:\/\/www.leneptune.com\/fr\/wp-json\/wp\/v2\/posts"}],"about":[{"href":"https:\/\/www.leneptune.com\/fr\/wp-json\/wp\/v2\/types\/post"}],"author":[{"embeddable":true,"href":"https:\/\/www.leneptune.com\/fr\/wp-json\/wp\/v2\/users\/8"}],"replies":[{"embeddable":true,"href":"https:\/\/www.leneptune.com\/fr\/wp-json\/wp\/v2\/comments?post=6481"}],"version-history":[{"count":1,"href":"https:\/\/www.leneptune.com\/fr\/wp-json\/wp\/v2\/posts\/6481\/revisions"}],"predecessor-version":[{"id":6488,"href":"https:\/\/www.leneptune.com\/fr\/wp-json\/wp\/v2\/posts\/6481\/revisions\/6488"}],"wp:featuredmedia":[{"embeddable":true,"href":"https:\/\/www.leneptune.com\/fr\/wp-json\/wp\/v2\/media\/6485"}],"wp:attachment":[{"href":"https:\/\/www.leneptune.com\/fr\/wp-json\/wp\/v2\/media?parent=6481"}],"wp:term":[{"taxonomy":"category","embeddable":true,"href":"https:\/\/www.leneptune.com\/fr\/wp-json\/wp\/v2\/categories?post=6481"},{"taxonomy":"post_tag","embeddable":true,"href":"https:\/\/www.leneptune.com\/fr\/wp-json\/wp\/v2\/tags?post=6481"}],"curies":[{"name":"wp","href":"https:\/\/api.w.org\/{rel}","templated":true}]}}